{"id":1106,"date":"2023-05-22T21:23:11","date_gmt":"2023-05-22T19:23:11","guid":{"rendered":"https:\/\/historyczna.slaska.zhp.pl\/?p=1106"},"modified":"2023-05-22T21:24:11","modified_gmt":"2023-05-22T19:24:11","slug":"xiv-festiwal-piosenki-harcerskiej-i-marynistycznej-szturwal","status":"publish","type":"post","link":"https:\/\/historyczna.slaska.zhp.pl\/?p=1106","title":{"rendered":"XIV Festiwal Piosenki Harcerskiej i Marynistycznej &#8222;SZTURWA\u0141&#8221;"},"content":{"rendered":"<p>W dniu 20 Maja 2023 w BECEK Bytomskim Centrum Kultury odby\u0142 si\u0119 <strong><u>XIV Festiwal Piosenki Harcerskiej i Marynistycznej &#8222;SZTURWA\u0141&#8221; <\/u><\/strong>zorganizowany przez <a href=\"https:\/\/www.facebook.com\/hufiecbytom?__cft__%5b0%5d=AZU0xXgJb2MzRX1DtVyoX5l8a55nOpJpGImHPiulwKU_fEnTHkAI6gcfFiwbawT_2fPFLYs_1zjcCdmSD_ZAwL3HsTo7JYF3eYJj_cL4QTa6xZm-voND2eG-VsGvlQXH0Wp2Ylq3lt5PXTKUWqDXRnCqD00iveNJVEPsXNcFvIrHFuLpz_6v9f-13jyn5HQ117I&amp;__tn__=-%5dK-R\">Hufiec ZHP Bytom im hm J Kwietniewskiego<\/a><\/p>\n<p>W Festiwalu wyst\u0105pi\u0142y 23 zespo\u0142y i 11 solist\u00f3w<\/p>\n<p><!--more--><\/p>\n<p><img fetchpriority=\"high\" decoding=\"async\" class=\"aligncenter wp-image-1109 size-full\" src=\"https:\/\/historyczna.slaska.zhp.pl\/wp-content\/uploads\/2023\/05\/B-1.jpg\" alt=\"\" width=\"600\" height=\"503\" srcset=\"https:\/\/historyczna.slaska.zhp.pl\/wp-content\/uploads\/2023\/05\/B-1.jpg 600w, https:\/\/historyczna.slaska.zhp.pl\/wp-content\/uploads\/2023\/05\/B-1-300x252.jpg 300w\" sizes=\"(max-width: 600px) 100vw, 600px\" \/><img decoding=\"async\" class=\"aligncenter wp-image-1107 size-large\" src=\"https:\/\/historyczna.slaska.zhp.pl\/wp-content\/uploads\/2023\/05\/Bytom-1024x768.jpg\" alt=\"\" width=\"1024\" height=\"768\" srcset=\"https:\/\/historyczna.slaska.zhp.pl\/wp-content\/uploads\/2023\/05\/Bytom-1024x768.jpg 1024w, https:\/\/historyczna.slaska.zhp.pl\/wp-content\/uploads\/2023\/05\/Bytom-300x225.jpg 300w, https:\/\/historyczna.slaska.zhp.pl\/wp-content\/uploads\/2023\/05\/Bytom-768x576.jpg 768w, https:\/\/historyczna.slaska.zhp.pl\/wp-content\/uploads\/2023\/05\/Bytom.jpg 1080w\" sizes=\"(max-width: 1024px) 100vw, 1024px\" \/><\/p>\n","protected":false},"excerpt":{"rendered":"<p>W dniu 20 Maja 2023 w BECEK Bytomskim Centrum Kultury odby\u0142 si\u0119 XIV Festiwal Piosenki Harcerskiej i Marynistycznej &#8222;SZTURWA\u0141&#8221; zorganizowany przez Hufiec ZHP Bytom im hm J Kwietniewskiego W Festiwalu wyst\u0105pi\u0142y 23 zespo\u0142y i 11 solist\u00f3w<\/p>\n","protected":false},"author":2,"featured_media":1108,"comment_status":"closed","ping_status":"open","sticky":false,"template":"","format":"standard","meta":{"postBodyCss":"","postBodyMargin":[],"postBodyPadding":[],"postBodyBackground":{"backgroundType":"classic","gradient":""},"footnotes":""},"categories":[5,7],"tags":[],"class_list":["post-1106","post","type-post","status-publish","format-standard","has-post-thumbnail","hentry","category-aktualnosci","category-z-zycia-hufcow"],"_links":{"self":[{"href":"https:\/\/historyczna.slaska.zhp.pl\/index.php?rest_route=\/wp\/v2\/posts\/1106","targetHints":{"allow":["GET"]}}],"collection":[{"href":"https:\/\/historyczna.slaska.zhp.pl\/index.php?rest_route=\/wp\/v2\/posts"}],"about":[{"href":"https:\/\/historyczna.slaska.zhp.pl\/index.php?rest_route=\/wp\/v2\/types\/post"}],"author":[{"embeddable":true,"href":"https:\/\/historyczna.slaska.zhp.pl\/index.php?rest_route=\/wp\/v2\/users\/2"}],"replies":[{"embeddable":true,"href":"https:\/\/historyczna.slaska.zhp.pl\/index.php?rest_route=%2Fwp%2Fv2%2Fcomments&post=1106"}],"version-history":[{"count":2,"href":"https:\/\/historyczna.slaska.zhp.pl\/index.php?rest_route=\/wp\/v2\/posts\/1106\/revisions"}],"predecessor-version":[{"id":1111,"href":"https:\/\/historyczna.slaska.zhp.pl\/index.php?rest_route=\/wp\/v2\/posts\/1106\/revisions\/1111"}],"wp:featuredmedia":[{"embeddable":true,"href":"https:\/\/historyczna.slaska.zhp.pl\/index.php?rest_route=\/wp\/v2\/media\/1108"}],"wp:attachment":[{"href":"https:\/\/historyczna.slaska.zhp.pl\/index.php?rest_route=%2Fwp%2Fv2%2Fmedia&parent=1106"}],"wp:term":[{"taxonomy":"category","embeddable":true,"href":"https:\/\/historyczna.slaska.zhp.pl\/index.php?rest_route=%2Fwp%2Fv2%2Fcategories&post=1106"},{"taxonomy":"post_tag","embeddable":true,"href":"https:\/\/historyczna.slaska.zhp.pl\/index.php?rest_route=%2Fwp%2Fv2%2Ftags&post=1106"}],"curies":[{"name":"wp","href":"https:\/\/api.w.org\/{rel}","templated":true}]}}