{"id":1872,"date":"2025-12-07T12:14:42","date_gmt":"2025-12-07T11:14:42","guid":{"rendered":"https:\/\/historyczna.slaska.zhp.pl\/?p=1872"},"modified":"2025-12-07T13:38:42","modified_gmt":"2025-12-07T12:38:42","slug":"jak-harcerze-po-jurze-wedrowali-udana-prelekcja-naszej-komisji-w-muzeum-slaskim","status":"publish","type":"post","link":"https:\/\/historyczna.slaska.zhp.pl\/?p=1872","title":{"rendered":"Jak harcerze po Jurze w\u0119drowali\u2026 Udana prelekcja naszej Komisji w Muzeum \u015al\u0105skim"},"content":{"rendered":"\t\t<div data-elementor-type=\"wp-post\" data-elementor-id=\"1872\" class=\"elementor elementor-1872\">\n\t\t\t\t<div class=\"elementor-element elementor-element-5cfc11b e-flex e-con-boxed e-con e-parent\" data-id=\"5cfc11b\" data-element_type=\"container\" data-e-type=\"container\">\n\t\t\t\t\t<div class=\"e-con-inner\">\n\t\t<div class=\"elementor-element elementor-element-cb89b60 e-con-full e-flex e-con e-child\" data-id=\"cb89b60\" data-element_type=\"container\" data-e-type=\"container\">\n\t\t<div class=\"elementor-element elementor-element-1556610 e-con-full e-flex e-con e-child\" data-id=\"1556610\" data-element_type=\"container\" data-e-type=\"container\">\n\t\t\t\t<div class=\"elementor-element elementor-element-4d3cf41 elementor-widget elementor-widget-image\" data-id=\"4d3cf41\" data-element_type=\"widget\" data-e-type=\"widget\" data-widget_type=\"image.default\">\n\t\t\t\t<div class=\"elementor-widget-container\">\n\t\t\t\t\t\t\t\t\t\t\t\t<figure class=\"wp-caption\">\n\t\t\t\t\t\t\t\t\t\t<img fetchpriority=\"high\" decoding=\"async\" width=\"1000\" height=\"563\" src=\"https:\/\/historyczna.slaska.zhp.pl\/wp-content\/uploads\/2025\/12\/harcerze-na-jurze-muzeum-slaskie.webp\" class=\"attachment-full size-full wp-image-1886\" alt=\"Harcerze na jurze - fotografia z prelekcji w Muzeum \u015al\u0105skim - fot. Muzeum \u015al\u0105skie\" srcset=\"https:\/\/historyczna.slaska.zhp.pl\/wp-content\/uploads\/2025\/12\/harcerze-na-jurze-muzeum-slaskie.webp 1000w, https:\/\/historyczna.slaska.zhp.pl\/wp-content\/uploads\/2025\/12\/harcerze-na-jurze-muzeum-slaskie-300x169.webp 300w, https:\/\/historyczna.slaska.zhp.pl\/wp-content\/uploads\/2025\/12\/harcerze-na-jurze-muzeum-slaskie-768x432.webp 768w\" sizes=\"(max-width: 1000px) 100vw, 1000px\" \/>\t\t\t\t\t\t\t\t\t\t\t<figcaption class=\"widget-image-caption wp-caption-text\">Harcerze na jurze - fotografia z prelekcji w Muzeum \u015al\u0105skim - fot. Muzeum \u015al\u0105skie<\/figcaption>\n\t\t\t\t\t\t\t\t\t\t<\/figure>\n\t\t\t\t\t\t\t\t\t<\/div>\n\t\t\t\t<\/div>\n\t\t\t\t<\/div>\n\t\t\t\t<\/div>\n\t\t\t\t\t<\/div>\n\t\t\t\t<\/div>\n\t\t<div class=\"elementor-element elementor-element-706fef9 e-flex e-con-boxed e-con e-parent\" data-id=\"706fef9\" data-element_type=\"container\" data-e-type=\"container\">\n\t\t\t\t\t<div class=\"e-con-inner\">\n\t\t<div class=\"elementor-element elementor-element-d69638f e-con-full e-flex e-con e-child\" data-id=\"d69638f\" data-element_type=\"container\" data-e-type=\"container\">\n\t\t\t\t<div class=\"elementor-element elementor-element-3180140 elementor-widget elementor-widget-text-editor\" data-id=\"3180140\" data-element_type=\"widget\" data-e-type=\"widget\" data-widget_type=\"text-editor.default\">\n\t\t\t\t<div class=\"elementor-widget-container\">\n\t\t\t\t\t\t\t\t\t<p><strong>Jura Krakowsko-Cz\u0119stochowska to cel wielu pieszych wycieczek, tak\u017ce harcerzy naszej chor\u0105gwi. O roli i znaczeniu \u015bl\u0105skiego harcerstwa w tym rejonie podczas wydarzenia inauguruj\u0105cego now\u0105 wystaw\u0119 w Muzeum \u015al\u0105skim opowiada\u0142a reprezentantka naszej Komisji \u2013 druhna harcmistrzyni Maria Stangrecka.<\/strong><\/p>\n<h3>Komisja Historyczna i Muzeum \u015al\u0105skie \u0142\u0105cz\u0105 si\u0142y w nowej wystawie<\/h3>\n<p>Od 16 pa\u017adziernika 2025 roku w Muzeum \u015al\u0105skim w Katowicach ogl\u0105da\u0107 mo\u017cna ekspozycj\u0119 czasow\u0105 pt. <strong>\u201eJura. Kraina bez ko\u0144ca\u201d<\/strong>. Wystawa zorganizowana zosta\u0142a pod opiek\u0105 kuratora<strong> dra Micha\u0142a Burdzi\u0144skiego, a jej g\u0142\u00f3wnym tematem pozostaje pas wy\u017cyny mi\u0119dzy Krakowem a Cz\u0119stochow\u0105.<\/strong><\/p>\n<blockquote>\n<p>\u2013 Wystaw\u0119 otwieraj\u0105 mapa terenu oraz o\u015b czasu, kt\u00f3ra prowadzi punktowo przez miliony lat \u2013 od powstania skorupy ziemskiej i pierwszych ska\u0142 wapiennych, nast\u0119pnie czasy dinozaur\u00f3w i amonit\u00f3w, do ery cz\u0142owieka po dekady wsp\u00f3\u0142czesne \u2013 mo\u017cna przeczyta\u0107 <a href=\"https:\/\/muzeumslaskie.pl\/jura-kraina-bez-konca\/\" target=\"_blank\" rel=\"nofollow noopener\">na stronie Muzeum \u015al\u0105skiego<\/a>.<\/p>\n<\/blockquote>\t\t\t\t\t\t\t\t<\/div>\n\t\t\t\t<\/div>\n\t\t\t\t<div class=\"elementor-element elementor-element-ddf9b09 elementor-widget elementor-widget-image\" data-id=\"ddf9b09\" data-element_type=\"widget\" data-e-type=\"widget\" data-widget_type=\"image.default\">\n\t\t\t\t<div class=\"elementor-widget-container\">\n\t\t\t\t\t\t\t\t\t\t\t\t<figure class=\"wp-caption\">\n\t\t\t\t\t\t\t\t\t\t\t<a href=\"https:\/\/historyczna.slaska.zhp.pl\/wp-content\/uploads\/2025\/12\/harcerze-na-jurze.jpg\" data-elementor-open-lightbox=\"yes\" data-elementor-lightbox-title=\"Harcerki na Jurze Krakowsko-Cz\u0119stochowskiej - archiwum Komisji Historycznej Ch\u015a\" data-e-action-hash=\"#elementor-action%3Aaction%3Dlightbox%26settings%3DeyJpZCI6MTg3MywidXJsIjoiaHR0cHM6XC9cL2hpc3Rvcnljem5hLnNsYXNrYS56aHAucGxcL3dwLWNvbnRlbnRcL3VwbG9hZHNcLzIwMjVcLzEyXC9oYXJjZXJ6ZS1uYS1qdXJ6ZS5qcGcifQ%3D%3D\">\n\t\t\t\t\t\t\t<img decoding=\"async\" width=\"800\" height=\"504\" src=\"https:\/\/historyczna.slaska.zhp.pl\/wp-content\/uploads\/2025\/12\/harcerze-na-jurze-1024x645.jpg\" class=\"attachment-large size-large wp-image-1873\" alt=\"Harcerki na Jurze Krakowsko-Cz\u0119stochowskiej - archiwum Komisji Historycznej Ch\u015a\" srcset=\"https:\/\/historyczna.slaska.zhp.pl\/wp-content\/uploads\/2025\/12\/harcerze-na-jurze-1024x645.jpg 1024w, https:\/\/historyczna.slaska.zhp.pl\/wp-content\/uploads\/2025\/12\/harcerze-na-jurze-300x189.jpg 300w, https:\/\/historyczna.slaska.zhp.pl\/wp-content\/uploads\/2025\/12\/harcerze-na-jurze-768x484.jpg 768w, https:\/\/historyczna.slaska.zhp.pl\/wp-content\/uploads\/2025\/12\/harcerze-na-jurze-1536x968.jpg 1536w, https:\/\/historyczna.slaska.zhp.pl\/wp-content\/uploads\/2025\/12\/harcerze-na-jurze.jpg 1589w\" sizes=\"(max-width: 800px) 100vw, 800px\" \/>\t\t\t\t\t\t\t\t<\/a>\n\t\t\t\t\t\t\t\t\t\t\t<figcaption class=\"widget-image-caption wp-caption-text\">Harcerki na Jurze Krakowsko-Cz\u0119stochowskiej - archiwum hm. Wojciecha Kowalczyka<\/figcaption>\n\t\t\t\t\t\t\t\t\t\t<\/figure>\n\t\t\t\t\t\t\t\t\t<\/div>\n\t\t\t\t<\/div>\n\t\t\t\t<div class=\"elementor-element elementor-element-acf0eae elementor-widget elementor-widget-text-editor\" data-id=\"acf0eae\" data-element_type=\"widget\" data-e-type=\"widget\" data-widget_type=\"text-editor.default\">\n\t\t\t\t<div class=\"elementor-widget-container\">\n\t\t\t\t\t\t\t\t\t<p>Jura to teren niejednolity, barwny i czasem zaskakuj\u0105cy. Taka sama jest r\u00f3wnie\u017c nowa czasowa wystawa, na kt\u00f3r\u0105 sk\u0142ada si\u0119 ponad trzysta eksponat\u00f3w pochodz\u0105cych z r\u00f3\u017cnych lat, a nawet epok. <strong>Swoj\u0105 cegie\u0142k\u0119 do wsp\u00f3\u0142tworzenia wystawy do\u0142o\u017cy\u0142a tak\u017ce Komisja Historyczna Chor\u0105gwi \u015al\u0105skiej.<\/strong><\/p>\n<blockquote>\n<p>\u2013 Nie brakuje odniesie\u0144 do turystyki kwalifikowanej (PTTK) i aktywno\u015bci harcerskiej (akcja \u201eZamonit\u201d), do tradycji wspinaczki ska\u0142kowej i speleologii. Podejmujemy zarazem refleksj\u0119 o naszej duchowo\u015bci, wskazuj\u0105c zar\u00f3wno na legendy i podania, jak i na \u017cyciowe wybory pustelnik\u00f3w w \u015bwietle wiary \u2013 dodaje Muzeum.<\/p>\n<\/blockquote>\n<p><strong>Przez kilka miesi\u0119cy poprzedzaj\u0105cych otwarcie wystawy cz\u0142onkowie naszej Komisji dokonali starannego wyboru i udost\u0119pnili Muzeum cz\u0119\u015b\u0107 zebranych eksponat\u00f3w zwi\u0105zanych z dzia\u0142alno\u015bci\u0105 harcerzy na terenie Jury.<\/strong> Do najwa\u017cniejszych z nich nale\u017ca\u0142 znaleziony przez \u015bl\u0105skich harcerzy amonit, kt\u00f3ry sta\u0142 si\u0119 te\u017c <a href=\"https:\/\/historyczna.slaska.zhp.pl\/?p=1716\"><strong>eksponatem miesi\u0105ca naszej Komisji<\/strong><\/a>.<\/p>\t\t\t\t\t\t\t\t<\/div>\n\t\t\t\t<\/div>\n\t\t\t\t<div class=\"elementor-element elementor-element-1d37e41 elementor-widget elementor-widget-text-editor\" data-id=\"1d37e41\" data-element_type=\"widget\" data-e-type=\"widget\" data-widget_type=\"text-editor.default\">\n\t\t\t\t<div class=\"elementor-widget-container\">\n\t\t\t\t\t\t\t\t\t<h3>Wyj\u0105tkowa prelekcja w Muzeum \u015al\u0105skim<\/h3>\n<p>Poza przekazaniem na czas wystawy cz\u0119\u015bci naszych zbior\u00f3w, Komisja Historyczna mia\u0142a przyjemno\u015b\u0107 opowiedzie\u0107 o historii harcerstwa \u015bl\u0105skiego na pa\u015bmie jury. W<strong> niedziel\u0119, 23 listopada o godz. 16:00, odby\u0142a si\u0119 prelekcja \u201eHarcerze na jurze\u201d.<\/strong> Spotkanie odby\u0142o si\u0119 w budynku muzealnej Stolarni i otwarte zosta\u0142o przez kuratora wystawy \u2013 dra Burdzi\u0144skiego. <strong>Nast\u0119pnie prelekcj\u0119 poprowadzi\u0142a druhna hm. Maria Stangrecka.<\/strong><\/p>\t\t\t\t\t\t\t\t<\/div>\n\t\t\t\t<\/div>\n\t\t\t\t<div class=\"elementor-element elementor-element-e5f6b73 elementor-widget elementor-widget-image\" data-id=\"e5f6b73\" data-element_type=\"widget\" data-e-type=\"widget\" data-widget_type=\"image.default\">\n\t\t\t\t<div class=\"elementor-widget-container\">\n\t\t\t\t\t\t\t\t\t\t\t\t<figure class=\"wp-caption\">\n\t\t\t\t\t\t\t\t\t\t\t<a href=\"https:\/\/historyczna.slaska.zhp.pl\/wp-content\/uploads\/2025\/12\/harcerze-na-jurze-wydarzenie-muzeum-slaskie.jpg\" data-elementor-open-lightbox=\"yes\" data-elementor-lightbox-title=\"Harcerze na jurze - fotografia z prelekcji w Muzeum \u015al\u0105skim\" data-e-action-hash=\"#elementor-action%3Aaction%3Dlightbox%26settings%3DeyJpZCI6MTg3NCwidXJsIjoiaHR0cHM6XC9cL2hpc3Rvcnljem5hLnNsYXNrYS56aHAucGxcL3dwLWNvbnRlbnRcL3VwbG9hZHNcLzIwMjVcLzEyXC9oYXJjZXJ6ZS1uYS1qdXJ6ZS13eWRhcnplbmllLW11emV1bS1zbGFza2llLmpwZyJ9\">\n\t\t\t\t\t\t\t<img decoding=\"async\" width=\"800\" height=\"450\" src=\"https:\/\/historyczna.slaska.zhp.pl\/wp-content\/uploads\/2025\/12\/harcerze-na-jurze-wydarzenie-muzeum-slaskie-1024x576.jpg\" class=\"attachment-large size-large wp-image-1874\" alt=\"Harcerze na jurze - fotografia z prelekcji w Muzeum \u015al\u0105skim\" srcset=\"https:\/\/historyczna.slaska.zhp.pl\/wp-content\/uploads\/2025\/12\/harcerze-na-jurze-wydarzenie-muzeum-slaskie-1024x576.jpg 1024w, https:\/\/historyczna.slaska.zhp.pl\/wp-content\/uploads\/2025\/12\/harcerze-na-jurze-wydarzenie-muzeum-slaskie-300x169.jpg 300w, https:\/\/historyczna.slaska.zhp.pl\/wp-content\/uploads\/2025\/12\/harcerze-na-jurze-wydarzenie-muzeum-slaskie-768x432.jpg 768w, https:\/\/historyczna.slaska.zhp.pl\/wp-content\/uploads\/2025\/12\/harcerze-na-jurze-wydarzenie-muzeum-slaskie.jpg 1280w\" sizes=\"(max-width: 800px) 100vw, 800px\" \/>\t\t\t\t\t\t\t\t<\/a>\n\t\t\t\t\t\t\t\t\t\t\t<figcaption class=\"widget-image-caption wp-caption-text\">Harcerze na jurze - fotografia z prelekcji w Muzeum \u015al\u0105skim - fot. Muzeum \u015al\u0105skie<\/figcaption>\n\t\t\t\t\t\t\t\t\t\t<\/figure>\n\t\t\t\t\t\t\t\t\t<\/div>\n\t\t\t\t<\/div>\n\t\t\t\t<div class=\"elementor-element elementor-element-b7381ff elementor-widget elementor-widget-text-editor\" data-id=\"b7381ff\" data-element_type=\"widget\" data-e-type=\"widget\" data-widget_type=\"text-editor.default\">\n\t\t\t\t<div class=\"elementor-widget-container\">\n\t\t\t\t\t\t\t\t\t<p>Opowie\u015b\u0107 druhny harcmistrzyni okraszona zosta\u0142a wyj\u0105tkow\u0105 prezentacj\u0105 zawieraj\u0105c\u0105 nieudost\u0119pniane do tej pory, archiwalne fotografie, a tak\u017ce piosenk\u0119 harcersk\u0105 zwi\u0105zan\u0105 z akcj\u0105 \u201eZamonit\u201d. \u00a0Uczestnicy wydarzenia mogli te\u017c zapozna\u0107 si\u0119 z harcersk\u0105 kronik\u0105.<\/p>\t\t\t\t\t\t\t\t<\/div>\n\t\t\t\t<\/div>\n\t\t\t\t<div class=\"elementor-element elementor-element-3572028 elementor-widget elementor-widget-image\" data-id=\"3572028\" data-element_type=\"widget\" data-e-type=\"widget\" data-widget_type=\"image.default\">\n\t\t\t\t<div class=\"elementor-widget-container\">\n\t\t\t\t\t\t\t\t\t\t\t\t<figure class=\"wp-caption\">\n\t\t\t\t\t\t\t\t\t\t\t<a href=\"https:\/\/historyczna.slaska.zhp.pl\/wp-content\/uploads\/2025\/12\/harcerze-na-jurze-wydarzenie-muzeum-slaskie-relacja.jpg\" data-elementor-open-lightbox=\"yes\" data-elementor-lightbox-title=\"Harcerze na jurze - fotografia z prelekcji w Muzeum \u015al\u0105skim - fot. Muzeum \u015al\u0105skie\" data-e-action-hash=\"#elementor-action%3Aaction%3Dlightbox%26settings%3DeyJpZCI6MTg3NSwidXJsIjoiaHR0cHM6XC9cL2hpc3Rvcnljem5hLnNsYXNrYS56aHAucGxcL3dwLWNvbnRlbnRcL3VwbG9hZHNcLzIwMjVcLzEyXC9oYXJjZXJ6ZS1uYS1qdXJ6ZS13eWRhcnplbmllLW11emV1bS1zbGFza2llLXJlbGFjamEuanBnIn0%3D\">\n\t\t\t\t\t\t\t<img loading=\"lazy\" decoding=\"async\" width=\"800\" height=\"450\" src=\"https:\/\/historyczna.slaska.zhp.pl\/wp-content\/uploads\/2025\/12\/harcerze-na-jurze-wydarzenie-muzeum-slaskie-relacja-1024x576.jpg\" class=\"attachment-large size-large wp-image-1875\" alt=\"Harcerze na jurze - fotografia z prelekcji w Muzeum \u015al\u0105skim - fot. Muzeum \u015al\u0105skie\" srcset=\"https:\/\/historyczna.slaska.zhp.pl\/wp-content\/uploads\/2025\/12\/harcerze-na-jurze-wydarzenie-muzeum-slaskie-relacja-1024x576.jpg 1024w, https:\/\/historyczna.slaska.zhp.pl\/wp-content\/uploads\/2025\/12\/harcerze-na-jurze-wydarzenie-muzeum-slaskie-relacja-300x169.jpg 300w, https:\/\/historyczna.slaska.zhp.pl\/wp-content\/uploads\/2025\/12\/harcerze-na-jurze-wydarzenie-muzeum-slaskie-relacja-768x432.jpg 768w, https:\/\/historyczna.slaska.zhp.pl\/wp-content\/uploads\/2025\/12\/harcerze-na-jurze-wydarzenie-muzeum-slaskie-relacja.jpg 1280w\" sizes=\"(max-width: 800px) 100vw, 800px\" \/>\t\t\t\t\t\t\t\t<\/a>\n\t\t\t\t\t\t\t\t\t\t\t<figcaption class=\"widget-image-caption wp-caption-text\">Harcerze na jurze - fotografia z prelekcji w Muzeum \u015al\u0105skim - fot. Muzeum \u015al\u0105skie<\/figcaption>\n\t\t\t\t\t\t\t\t\t\t<\/figure>\n\t\t\t\t\t\t\t\t\t<\/div>\n\t\t\t\t<\/div>\n\t\t\t\t<div class=\"elementor-element elementor-element-7e6250e elementor-widget elementor-widget-text-editor\" data-id=\"7e6250e\" data-element_type=\"widget\" data-e-type=\"widget\" data-widget_type=\"text-editor.default\">\n\t\t\t\t<div class=\"elementor-widget-container\">\n\t\t\t\t\t\t\t\t\t<p>Prelekcja okaza\u0142a si\u0119 nie tylko historyczn\u0105 w\u0119dr\u00f3wk\u0105 po Jurze, ale te\u017c okazj\u0105 do zainteresowania dzia\u0142alno\u015bci\u0105 harcerzy zebranych na wydarzeniu amator\u00f3w historii.<\/p>\n<p>\u00a0<\/p>\n<p><strong>Wystaw\u0119 w Muzeum \u015al\u0105skim zobaczy\u0107 b\u0119dzie mo\u017cna do 15 marca 2026 roku.\u00a0<\/strong><\/p>\t\t\t\t\t\t\t\t<\/div>\n\t\t\t\t<\/div>\n\t\t\t\t<\/div>\n\t\t<div class=\"elementor-element elementor-element-0389123 e-con-full e-flex e-con e-child\" data-id=\"0389123\" data-element_type=\"container\" data-e-type=\"container\">\n\t\t<div class=\"elementor-element elementor-element-137aeb4 e-con-full e-flex e-con e-child\" data-id=\"137aeb4\" data-element_type=\"container\" data-e-type=\"container\">\n\t\t\t\t<div class=\"elementor-element elementor-element-8b3f792 elementor-widget elementor-widget-wp-widget-recent-posts\" data-id=\"8b3f792\" data-element_type=\"widget\" data-e-type=\"widget\" data-widget_type=\"wp-widget-recent-posts.default\">\n\t\t\t\t<div class=\"elementor-widget-container\">\n\t\t\t\t\t\n\t\t\n\t\t<h5>Ostatnie wpisy<\/h5><nav aria-label=\"Ostatnie wpisy\">\n\t\t<ul>\n\t\t\t\t\t\t\t\t\t\t\t<li>\n\t\t\t\t\t<a href=\"https:\/\/historyczna.slaska.zhp.pl\/?p=1985\">\u201eHARCERSKA WATRA\u201d<\/a>\n\t\t\t\t\t\t\t\t\t<\/li>\n\t\t\t\t\t\t\t\t\t\t\t<li>\n\t\t\t\t\t<a href=\"https:\/\/historyczna.slaska.zhp.pl\/?p=1968\">Harcerskie lato jako szko\u0142a odpowiedzialno\u015bci<\/a>\n\t\t\t\t\t\t\t\t\t<\/li>\n\t\t\t\t\t\t\t\t\t\t\t<li>\n\t\t\t\t\t<a href=\"https:\/\/historyczna.slaska.zhp.pl\/?p=1928\">\u201ePiosenka miesi\u0105ca\u201d \u2013 ma\u0142y druk, wielka historia &#8211; eksponat stycznia<\/a>\n\t\t\t\t\t\t\t\t\t<\/li>\n\t\t\t\t\t\t\t\t\t\t\t<li>\n\t\t\t\t\t<a href=\"https:\/\/historyczna.slaska.zhp.pl\/?p=1898\">Eksponat miesi\u0105ca: grudniowy numer \u201eNa Tropie\u201d z 1948 roku<\/a>\n\t\t\t\t\t\t\t\t\t<\/li>\n\t\t\t\t\t\t\t\t\t\t\t<li>\n\t\t\t\t\t<a href=\"https:\/\/historyczna.slaska.zhp.pl\/?p=1872\">Jak harcerze po Jurze w\u0119drowali\u2026 Udana prelekcja naszej Komisji w Muzeum \u015al\u0105skim<\/a>\n\t\t\t\t\t\t\t\t\t<\/li>\n\t\t\t\t\t<\/ul>\n\n\t\t<\/nav>\t\t\t\t<\/div>\n\t\t\t\t<\/div>\n\t\t\t\t<\/div>\n\t\t\t\t<\/div>\n\t\t\t\t\t<\/div>\n\t\t\t\t<\/div>\n\t\t\t\t<\/div>\n\t\t","protected":false},"excerpt":{"rendered":"<p>Harcerze na jurze &#8211; fotografia z prelekcji w Muzeum \u015al\u0105skim &#8211; fot. Muzeum \u015al\u0105skie Jura Krakowsko-Cz\u0119stochowska to cel wielu pieszych wycieczek, tak\u017ce harcerzy naszej chor\u0105gwi. O roli i znaczeniu \u015bl\u0105skiego harcerstwa w tym rejonie podczas wydarzenia inauguruj\u0105cego now\u0105 wystaw\u0119 w Muzeum \u015al\u0105skim opowiada\u0142a reprezentantka naszej Komisji \u2013 druhna harcmistrzyni Maria Stangrecka. Komisja Historyczna i Muzeum [&hellip;]<\/p>\n","protected":false},"author":4,"featured_media":1880,"comment_status":"closed","ping_status":"open","sticky":false,"template":"","format":"standard","meta":{"postBodyCss":"","postBodyMargin":[],"postBodyPadding":[],"postBodyBackground":{"backgroundType":"classic","gradient":""},"footnotes":""},"categories":[5,8],"tags":[],"class_list":["post-1872","post","type-post","status-publish","format-standard","has-post-thumbnail","hentry","category-aktualnosci","category-z-zycia-choragwi"],"_links":{"self":[{"href":"https:\/\/historyczna.slaska.zhp.pl\/index.php?rest_route=\/wp\/v2\/posts\/1872","targetHints":{"allow":["GET"]}}],"collection":[{"href":"https:\/\/historyczna.slaska.zhp.pl\/index.php?rest_route=\/wp\/v2\/posts"}],"about":[{"href":"https:\/\/historyczna.slaska.zhp.pl\/index.php?rest_route=\/wp\/v2\/types\/post"}],"author":[{"embeddable":true,"href":"https:\/\/historyczna.slaska.zhp.pl\/index.php?rest_route=\/wp\/v2\/users\/4"}],"replies":[{"embeddable":true,"href":"https:\/\/historyczna.slaska.zhp.pl\/index.php?rest_route=%2Fwp%2Fv2%2Fcomments&post=1872"}],"version-history":[{"count":13,"href":"https:\/\/historyczna.slaska.zhp.pl\/index.php?rest_route=\/wp\/v2\/posts\/1872\/revisions"}],"predecessor-version":[{"id":1893,"href":"https:\/\/historyczna.slaska.zhp.pl\/index.php?rest_route=\/wp\/v2\/posts\/1872\/revisions\/1893"}],"wp:featuredmedia":[{"embeddable":true,"href":"https:\/\/historyczna.slaska.zhp.pl\/index.php?rest_route=\/wp\/v2\/media\/1880"}],"wp:attachment":[{"href":"https:\/\/historyczna.slaska.zhp.pl\/index.php?rest_route=%2Fwp%2Fv2%2Fmedia&parent=1872"}],"wp:term":[{"taxonomy":"category","embeddable":true,"href":"https:\/\/historyczna.slaska.zhp.pl\/index.php?rest_route=%2Fwp%2Fv2%2Fcategories&post=1872"},{"taxonomy":"post_tag","embeddable":true,"href":"https:\/\/historyczna.slaska.zhp.pl\/index.php?rest_route=%2Fwp%2Fv2%2Ftags&post=1872"}],"curies":[{"name":"wp","href":"https:\/\/api.w.org\/{rel}","templated":true}]}}