{"id":1898,"date":"2025-12-08T22:01:30","date_gmt":"2025-12-08T21:01:30","guid":{"rendered":"https:\/\/historyczna.slaska.zhp.pl\/?p=1898"},"modified":"2026-01-06T23:13:05","modified_gmt":"2026-01-06T22:13:05","slug":"eksponat-miesiaca-grudniowy-numer-na-tropie-z-1948-roku","status":"publish","type":"post","link":"https:\/\/historyczna.slaska.zhp.pl\/?p=1898","title":{"rendered":"Eksponat miesi\u0105ca: grudniowy numer \u201eNa Tropie\u201d z 1948 roku"},"content":{"rendered":"\t\t<div data-elementor-type=\"wp-post\" data-elementor-id=\"1898\" class=\"elementor elementor-1898\">\n\t\t\t\t<div class=\"elementor-element elementor-element-34dcb63 e-flex e-con-boxed e-con e-parent\" data-id=\"34dcb63\" data-element_type=\"container\" data-e-type=\"container\">\n\t\t\t\t\t<div class=\"e-con-inner\">\n\t\t<div class=\"elementor-element elementor-element-fc2d646 e-con-full e-flex e-con e-child\" data-id=\"fc2d646\" data-element_type=\"container\" data-e-type=\"container\">\n\t\t\t\t<div class=\"elementor-element elementor-element-94dd5a2 elementor-widget elementor-widget-text-editor\" data-id=\"94dd5a2\" data-element_type=\"widget\" data-e-type=\"widget\" data-widget_type=\"text-editor.default\">\n\t\t\t\t<div class=\"elementor-widget-container\">\n\t\t\t\t\t\t\t\t\t<p>W grudniu prezentujemy wyj\u0105tkowy eksponat: <strong>20. numer Dwutygodnika M\u0142odzie\u017cy Harcerskiej \u201eNa Tropie\u201d<\/strong> z dnia <strong>15 grudnia 1948 roku<\/strong>. To historyczne wydawnictwo stanowi bezcenne \u015bwiadectwo powojennej dzia\u0142alno\u015bci harcerskiej oraz sposobu, w jaki m\u0142odzie\u017cy przekazywano warto\u015bci, idee i nastroje towarzysz\u0105ce nadchodz\u0105cym \u015awi\u0119tom Bo\u017cego Narodzenia.<\/p>\n<h3><strong>\u015awi\u0105teczna ok\u0142adka i przes\u0142anie<\/strong><\/h3>\n<p>Strona tytu\u0142owa numeru nawi\u0105zuje do \u015bwi\u0105tecznego czasu. Przedstawia harcerk\u0119, harcerza i \u017co\u0142nierza stoj\u0105cych przy choince \u2014 symbolicznie \u0142\u0105cz\u0105c tradycj\u0119, s\u0142u\u017cb\u0119 i powojenn\u0105 rzeczywisto\u015b\u0107. Wydanie otwiera refleksyjny wst\u0119p, w kt\u00f3rym redakcja przywo\u0142uje poruszaj\u0105c\u0105 ba\u015b\u0144 o <strong>Dziewczynce z zapa\u0142kami<\/strong>. Opowie\u015b\u0107 ta stanowi punkt wyj\u015bcia do rozwa\u017ca\u0144 o biedzie, niesprawiedliwo\u015bci i potrzebie solidarno\u015bci w okresie \u015bwi\u0105tecznym.<\/p>\n<p>Autorzy przypominaj\u0105, \u017ce Bo\u017ce Narodzenie to nie tylko rado\u015b\u0107 i prezenty, lecz przede wszystkim czas wra\u017cliwo\u015bci na ludzi cierpi\u0105cych niedostatek. W tek\u015bcie pojawia si\u0119 pragnienie budowy \u015bwiata sprawiedliwszego, wolnego od wojen, g\u0142odu i nier\u00f3wno\u015bci. To wyra\u017any znak, \u017ce pismo \u2014 mimo \u015bwi\u0105tecznego charakteru \u2014 pe\u0142ni\u0142o tak\u017ce rol\u0119 wychowawcz\u0105 i ideow\u0105.<\/p>\n<p>Chcesz pozna\u0107 wi\u0119cej?<\/p>\n<p>Zobacz: <a href=\"https:\/\/zbioryspoleczne.pl\/dokumenty\/PL_1106_001_06_013_16\" target=\"_blank\" rel=\"noopener\">link<\/a><\/p>\t\t\t\t\t\t\t\t<\/div>\n\t\t\t\t<\/div>\n\t\t\t\t<div class=\"elementor-element elementor-element-25040ff elementor-widget-divider--view-line elementor-widget elementor-widget-divider\" data-id=\"25040ff\" data-element_type=\"widget\" data-e-type=\"widget\" data-widget_type=\"divider.default\">\n\t\t\t\t<div class=\"elementor-widget-container\">\n\t\t\t\t\t\t\t<div class=\"elementor-divider\">\n\t\t\t<span class=\"elementor-divider-separator\">\n\t\t\t\t\t\t<\/span>\n\t\t<\/div>\n\t\t\t\t\t\t<\/div>\n\t\t\t\t<\/div>\n\t\t\t\t<div class=\"elementor-element elementor-element-42f60de elementor-widget elementor-widget-text-editor\" data-id=\"42f60de\" data-element_type=\"widget\" data-e-type=\"widget\" data-widget_type=\"text-editor.default\">\n\t\t\t\t<div class=\"elementor-widget-container\">\n\t\t\t\t\t\t\t\t\t<h3><strong>W tre\u015bci numeru znajdziemy m.in.:<\/strong><\/h3>\n<ul>\n\t<li>\n<p><strong>Porady \u015bwi\u0105teczne<\/strong> \u2013 jak wybiera\u0107 choink\u0119, jak j\u0105 dekorowa\u0107 oraz jakie ozdoby wykonywa\u0142o si\u0119 w\u0142asnor\u0119cznie w tamtych latach.<\/p>\n<\/li>\n\t<li>\n<p><strong>Propozycje prezent\u00f3w<\/strong> \u2013 skromnych, ale praktycznych, odpowiednich do reali\u00f3w ko\u0144ca lat 40.<\/p>\n<\/li>\n\t<li>\n<p><strong>Instrukcje dotycz\u0105ce zimowych wycieczek<\/strong> \u2013 jak w\u0142a\u015bciwie si\u0119 ubra\u0107, jak przygotowa\u0107 dru\u017cyn\u0119 do wyprawy oraz jak dba\u0107 o bezpiecze\u0144stwo podczas mro\u017anych dni.<\/p>\n<\/li>\n\t<li>\n<p><strong>\u015awi\u0105teczny przepis dla zast\u0119powych<\/strong> \u2013 zach\u0119ta do wsp\u00f3lnego przygotowywania posi\u0142k\u00f3w i integrowania zast\u0119p\u00f3w.<\/p>\n<\/li>\n\t<li>\n<p><strong>Poradnik g\u00f3rski<\/strong> \u2013 niezwykle obszerny i praktyczny materia\u0142 po\u015bwi\u0119cony zimowej turystyce. Czytelnik znajdzie tu informacje o planowaniu trasy, pracy przewodnika, organizacji zespo\u0142u, ekwipunku, prowiancie i zasadach orientacji w terenie. Nie zabrak\u0142o r\u00f3wnie\u017c ostrze\u017ce\u0144 dotycz\u0105cych zagro\u017ce\u0144 zimowych: zamarzni\u0119\u0107, zab\u0142\u0105dzenia czy lawin.<\/p>\n<\/li>\n<\/ul>\n<h3><strong>Harcerstwo w s\u0142u\u017cbie pokoju i wsp\u00f3lnoty<\/strong><\/h3>\n<p>W numerze pojawia si\u0119 r\u00f3wnie\u017c apel o solidarno\u015b\u0107 z m\u0142odzie\u017c\u0105 na ca\u0142ym \u015bwiecie. Harcerze s\u0105 zach\u0119cani do wsp\u00f3lnej pracy na rzecz pokoju i sprawiedliwo\u015bci spo\u0142ecznej. To przypomnienie, \u017ce \u015bwi\u0119ta maj\u0105 wymiar nie tylko rodzinny, ale te\u017c globalny \u2014 sk\u0142aniaj\u0105 do refleksji nad losem innych.<\/p>\n<h3><strong>Znaczenie wydania<\/strong><\/h3>\n<p>Grudniowy numer \u201eNa Tropie\u201d z 1948 roku nie jest wy\u0142\u0105cznie \u015bwi\u0105teczn\u0105 ciekawostk\u0105. To dokument ukazuj\u0105cy, jak\u0105 rol\u0119 pe\u0142ni\u0142o \u00f3wczesne harcerstwo: wychowawcze, moralne i spo\u0142eczne. Uczy\u0142 zaradno\u015bci, odpowiedzialno\u015bci, troski o drugiego cz\u0142owieka oraz umiej\u0119tno\u015bci radzenia sobie w trudnych warunkach \u2014 zar\u00f3wno podczas zimowych wypraw, jak i w codziennym \u017cyciu.<\/p>\n<p>Ten wyj\u0105tkowy numer to wzruszaj\u0105ce \u015bwiadectwo czas\u00f3w, w kt\u00f3rych mimo skromnych warunk\u00f3w starano si\u0119 budowa\u0107 poczucie wsp\u00f3lnoty, nadziei i wiary w lepsz\u0105 przysz\u0142o\u015b\u0107.<\/p>\t\t\t\t\t\t\t\t<\/div>\n\t\t\t\t<\/div>\n\t\t\t\t<\/div>\n\t\t<div class=\"elementor-element elementor-element-a4bbde0 e-con-full e-flex e-con e-child\" data-id=\"a4bbde0\" data-element_type=\"container\" data-e-type=\"container\">\n\t\t<div class=\"elementor-element elementor-element-710afb9 e-con-full e-flex e-con e-child\" data-id=\"710afb9\" data-element_type=\"container\" data-e-type=\"container\">\n\t\t\t\t<div class=\"elementor-element elementor-element-7076354 elementor-widget elementor-widget-image\" data-id=\"7076354\" data-element_type=\"widget\" data-e-type=\"widget\" data-widget_type=\"image.default\">\n\t\t\t\t<div class=\"elementor-widget-container\">\n\t\t\t\t\t\t\t\t\t\t\t\t\t\t\t<img fetchpriority=\"high\" decoding=\"async\" width=\"800\" height=\"798\" src=\"https:\/\/historyczna.slaska.zhp.pl\/wp-content\/uploads\/2025\/12\/Post_FB_eksponat_1225_2-1024x1022.webp\" class=\"attachment-large size-large wp-image-1899\" alt=\"\" srcset=\"https:\/\/historyczna.slaska.zhp.pl\/wp-content\/uploads\/2025\/12\/Post_FB_eksponat_1225_2-1024x1022.webp 1024w, https:\/\/historyczna.slaska.zhp.pl\/wp-content\/uploads\/2025\/12\/Post_FB_eksponat_1225_2-300x300.webp 300w, https:\/\/historyczna.slaska.zhp.pl\/wp-content\/uploads\/2025\/12\/Post_FB_eksponat_1225_2-150x150.webp 150w, https:\/\/historyczna.slaska.zhp.pl\/wp-content\/uploads\/2025\/12\/Post_FB_eksponat_1225_2-768x767.webp 768w, https:\/\/historyczna.slaska.zhp.pl\/wp-content\/uploads\/2025\/12\/Post_FB_eksponat_1225_2.webp 1202w\" sizes=\"(max-width: 800px) 100vw, 800px\" \/>\t\t\t\t\t\t\t\t\t\t\t\t\t\t\t<\/div>\n\t\t\t\t<\/div>\n\t\t\t\t<div class=\"elementor-element elementor-element-86b4e12 elementor-widget elementor-widget-wp-widget-recent-posts\" data-id=\"86b4e12\" data-element_type=\"widget\" data-e-type=\"widget\" data-widget_type=\"wp-widget-recent-posts.default\">\n\t\t\t\t<div class=\"elementor-widget-container\">\n\t\t\t\t\t\n\t\t\n\t\t<h5>Ostatnie wpisy<\/h5><nav aria-label=\"Ostatnie wpisy\">\n\t\t<ul>\n\t\t\t\t\t\t\t\t\t\t\t<li>\n\t\t\t\t\t<a href=\"https:\/\/historyczna.slaska.zhp.pl\/?p=1985\">\u201eHARCERSKA WATRA\u201d<\/a>\n\t\t\t\t\t\t\t\t\t<\/li>\n\t\t\t\t\t\t\t\t\t\t\t<li>\n\t\t\t\t\t<a href=\"https:\/\/historyczna.slaska.zhp.pl\/?p=1968\">Harcerskie lato jako szko\u0142a odpowiedzialno\u015bci<\/a>\n\t\t\t\t\t\t\t\t\t<\/li>\n\t\t\t\t\t\t\t\t\t\t\t<li>\n\t\t\t\t\t<a href=\"https:\/\/historyczna.slaska.zhp.pl\/?p=1928\">\u201ePiosenka miesi\u0105ca\u201d \u2013 ma\u0142y druk, wielka historia &#8211; eksponat stycznia<\/a>\n\t\t\t\t\t\t\t\t\t<\/li>\n\t\t\t\t\t\t\t\t\t\t\t<li>\n\t\t\t\t\t<a href=\"https:\/\/historyczna.slaska.zhp.pl\/?p=1898\">Eksponat miesi\u0105ca: grudniowy numer \u201eNa Tropie\u201d z 1948 roku<\/a>\n\t\t\t\t\t\t\t\t\t<\/li>\n\t\t\t\t\t\t\t\t\t\t\t<li>\n\t\t\t\t\t<a href=\"https:\/\/historyczna.slaska.zhp.pl\/?p=1872\">Jak harcerze po Jurze w\u0119drowali\u2026 Udana prelekcja naszej Komisji w Muzeum \u015al\u0105skim<\/a>\n\t\t\t\t\t\t\t\t\t<\/li>\n\t\t\t\t\t<\/ul>\n\n\t\t<\/nav>\t\t\t\t<\/div>\n\t\t\t\t<\/div>\n\t\t\t\t<\/div>\n\t\t\t\t<\/div>\n\t\t\t\t\t<\/div>\n\t\t\t\t<\/div>\n\t\t\t\t<\/div>\n\t\t","protected":false},"excerpt":{"rendered":"<p>W grudniu prezentujemy wyj\u0105tkowy eksponat: 20. numer Dwutygodnika M\u0142odzie\u017cy Harcerskiej \u201eNa Tropie\u201d z dnia 15 grudnia 1948 roku. To historyczne wydawnictwo stanowi bezcenne \u015bwiadectwo powojennej dzia\u0142alno\u015bci harcerskiej oraz sposobu, w jaki m\u0142odzie\u017cy przekazywano warto\u015bci, idee i nastroje towarzysz\u0105ce nadchodz\u0105cym \u015awi\u0119tom Bo\u017cego Narodzenia. \u015awi\u0105teczna ok\u0142adka i przes\u0142anie Strona tytu\u0142owa numeru nawi\u0105zuje do \u015bwi\u0105tecznego czasu. Przedstawia harcerk\u0119, [&hellip;]<\/p>\n","protected":false},"author":2,"featured_media":1899,"comment_status":"closed","ping_status":"open","sticky":false,"template":"","format":"standard","meta":{"postBodyCss":"","postBodyMargin":[],"postBodyPadding":[],"postBodyBackground":{"backgroundType":"classic","gradient":""},"footnotes":""},"categories":[5,18],"tags":[19],"class_list":["post-1898","post","type-post","status-publish","format-standard","has-post-thumbnail","hentry","category-aktualnosci","category-eksponat-miesiaca","tag-eksponat-miesiaca"],"_links":{"self":[{"href":"https:\/\/historyczna.slaska.zhp.pl\/index.php?rest_route=\/wp\/v2\/posts\/1898","targetHints":{"allow":["GET"]}}],"collection":[{"href":"https:\/\/historyczna.slaska.zhp.pl\/index.php?rest_route=\/wp\/v2\/posts"}],"about":[{"href":"https:\/\/historyczna.slaska.zhp.pl\/index.php?rest_route=\/wp\/v2\/types\/post"}],"author":[{"embeddable":true,"href":"https:\/\/historyczna.slaska.zhp.pl\/index.php?rest_route=\/wp\/v2\/users\/2"}],"replies":[{"embeddable":true,"href":"https:\/\/historyczna.slaska.zhp.pl\/index.php?rest_route=%2Fwp%2Fv2%2Fcomments&post=1898"}],"version-history":[{"count":17,"href":"https:\/\/historyczna.slaska.zhp.pl\/index.php?rest_route=\/wp\/v2\/posts\/1898\/revisions"}],"predecessor-version":[{"id":1948,"href":"https:\/\/historyczna.slaska.zhp.pl\/index.php?rest_route=\/wp\/v2\/posts\/1898\/revisions\/1948"}],"wp:featuredmedia":[{"embeddable":true,"href":"https:\/\/historyczna.slaska.zhp.pl\/index.php?rest_route=\/wp\/v2\/media\/1899"}],"wp:attachment":[{"href":"https:\/\/historyczna.slaska.zhp.pl\/index.php?rest_route=%2Fwp%2Fv2%2Fmedia&parent=1898"}],"wp:term":[{"taxonomy":"category","embeddable":true,"href":"https:\/\/historyczna.slaska.zhp.pl\/index.php?rest_route=%2Fwp%2Fv2%2Fcategories&post=1898"},{"taxonomy":"post_tag","embeddable":true,"href":"https:\/\/historyczna.slaska.zhp.pl\/index.php?rest_route=%2Fwp%2Fv2%2Ftags&post=1898"}],"curies":[{"name":"wp","href":"https:\/\/api.w.org\/{rel}","templated":true}]}}