{"id":2064,"date":"2026-08-27T11:50:34","date_gmt":"2026-08-27T09:50:34","guid":{"rendered":"https:\/\/historyczna.slaska.zhp.pl\/?p=2064"},"modified":"2026-08-27T11:55:09","modified_gmt":"2026-08-27T09:55:09","slug":"oboz-pokoju-i-przyjazni-zhp","status":"publish","type":"post","link":"https:\/\/historyczna.slaska.zhp.pl\/?p=2064","title":{"rendered":"Ob\u00f3z Pokoju i Przyja\u017ani ZHP"},"content":{"rendered":"\t\t<div data-elementor-type=\"wp-post\" data-elementor-id=\"2064\" class=\"elementor elementor-2064\">\n\t\t\t\t<div class=\"elementor-element elementor-element-8116513 e-flex e-con-boxed e-con e-parent\" data-id=\"8116513\" data-element_type=\"container\" data-e-type=\"container\">\n\t\t\t\t\t<div class=\"e-con-inner\">\n\t\t<div class=\"elementor-element elementor-element-4480b09 e-con-full e-flex e-con e-child\" data-id=\"4480b09\" data-element_type=\"container\" data-e-type=\"container\">\n\t\t\t\t<div class=\"elementor-element elementor-element-5520e41 elementor-widget elementor-widget-text-editor\" data-id=\"5520e41\" data-element_type=\"widget\" data-e-type=\"widget\" data-widget_type=\"text-editor.default\">\n\t\t\t\t<div class=\"elementor-widget-container\">\n\t\t\t\t\t\t\t\t\t<p>Czy wiesz, \u017ce mi\u0119dzynarodowe obozy maj\u0105 swoj\u0105 d\u0142ugoletni\u0105 tradycj\u0119?<\/p>\n<p>Dowodem tego jest pami\u0105tkowy Medal <strong>XXV MI\u0118DZYNARODOWY OB\u00d3Z POKOJU I PRZYJA\u0179NI ZHP 1976<\/strong>. Na awersie widzimy kul\u0119 ziemsk\u0105 z go\u0142\u0105bkiem pokoju oraz napisem, a na rewersie trzy g\u0142owy os\u00f3b r\u00f3\u017cnych kontynent\u00f3w.<\/p>\n<p>Nasz O\u015brodek Harcerski w Chorzowie by\u0142 r\u00f3wnie\u017c organizatorem takich oboz\u00f3w pod nazw\u0105 MALTA.<\/p>\n<p>\u00a0<\/p>\n<p>Mi\u0119dzynarodowe obozy pokoju i przyja\u017ani (pocz\u0105tkowo funkcjonuj\u0105ce jako <em>Mi\u0119dzynarodowe Pionierskie Obozy Pokoju<\/em>) organizowano w Polsce w okresie PRL ju\u017c od 1951 r.<\/p>\n<p>W latach 70. i 80. O\u015brodek Harcerski w Chorzowie regularnie go\u015bci\u0142 tysi\u0105ce cz\u0142onk\u00f3w organizacji polskich oraz zagranicznych. Archiwalne dokumenty wskazuj\u0105, \u017ce nasza baza jednorazowo przyjmowa\u0142a ponad 3 tysi\u0105ce uczestnik\u00f3w w ramach letnich akcji obozowych pod nazw\u0105 \u201eMALTA\u201d.<\/p>\n<p>Chorzowski o\u015brodek s\u0142u\u017cy\u0142 jako punkt recepcyjny i miejsce organizacji oboz\u00f3w dla dzieci z kraj\u00f3w socjalistycznych. Regularnie w okresie wakacyjnym przyjmowano tam m.in. grupy dzieci z \u00f3wczesnej Czechos\u0142owacji, NRD, ZSRR. Obozy Pokoju i Przyja\u017ani, \u0142\u0105czy\u0142y tradycyjny program harcerski z elementami edukacji ideologicznej \u2013 upowszechnianiem hase\u0142 pokoju na \u015bwiecie, solidarno\u015bci oraz poznawaniem kultury pa\u0144stw s\u0105siednich.<\/p>\n<p>Obozy te by\u0142y form\u0105 mi\u0119dzynarodowej integracji dzieci i m\u0142odzie\u017cy z kraj\u00f3w bloku wschodniego, s\u0142u\u017c\u0105c\u0105 propagowaniu hase\u0142 pokojowych, przyja\u017ani mi\u0119dzy narodami oraz idei socjalistycznego internacjonalizmu.<\/p>\n<p>W trakcie wypoczynku letniego, m\u0142odzie\u017c uczestniczy\u0142a w spotkaniach dyplomatycznych, apelach, wiecach pokojowych, w r\u00f3\u017cnych wycieczkach.<\/p>\t\t\t\t\t\t\t\t<\/div>\n\t\t\t\t<\/div>\n\t\t\t\t<div class=\"elementor-element elementor-element-35a40e7 elementor-widget elementor-widget-image\" data-id=\"35a40e7\" data-element_type=\"widget\" data-e-type=\"widget\" data-widget_type=\"image.default\">\n\t\t\t\t<div class=\"elementor-widget-container\">\n\t\t\t\t\t\t\t\t\t\t\t\t\t\t\t<img fetchpriority=\"high\" decoding=\"async\" width=\"800\" height=\"800\" src=\"https:\/\/historyczna.slaska.zhp.pl\/wp-content\/uploads\/2026\/08\/Post_FB_eksponat_0826_a-1024x1024.webp\" class=\"attachment-large size-large wp-image-2066\" alt=\"\" srcset=\"https:\/\/historyczna.slaska.zhp.pl\/wp-content\/uploads\/2026\/08\/Post_FB_eksponat_0826_a-1024x1024.webp 1024w, https:\/\/historyczna.slaska.zhp.pl\/wp-content\/uploads\/2026\/08\/Post_FB_eksponat_0826_a-300x300.webp 300w, https:\/\/historyczna.slaska.zhp.pl\/wp-content\/uploads\/2026\/08\/Post_FB_eksponat_0826_a-150x150.webp 150w, https:\/\/historyczna.slaska.zhp.pl\/wp-content\/uploads\/2026\/08\/Post_FB_eksponat_0826_a-768x768.webp 768w, https:\/\/historyczna.slaska.zhp.pl\/wp-content\/uploads\/2026\/08\/Post_FB_eksponat_0826_a.webp 1201w\" sizes=\"(max-width: 800px) 100vw, 800px\" \/>\t\t\t\t\t\t\t\t\t\t\t\t\t\t\t<\/div>\n\t\t\t\t<\/div>\n\t\t\t\t<\/div>\n\t\t<div class=\"elementor-element elementor-element-2c43dbc e-con-full e-flex e-con e-child\" data-id=\"2c43dbc\" data-element_type=\"container\" data-e-type=\"container\">\n\t\t<div class=\"elementor-element elementor-element-dd42066 e-con-full e-flex e-con e-child\" data-id=\"dd42066\" data-element_type=\"container\" data-e-type=\"container\">\n\t\t\t\t<div class=\"elementor-element elementor-element-4d8ed7e elementor-widget elementor-widget-image\" data-id=\"4d8ed7e\" data-element_type=\"widget\" data-e-type=\"widget\" data-widget_type=\"image.default\">\n\t\t\t\t<div class=\"elementor-widget-container\">\n\t\t\t\t\t\t\t\t\t\t\t\t\t\t\t<img decoding=\"async\" width=\"800\" height=\"800\" src=\"https:\/\/historyczna.slaska.zhp.pl\/wp-content\/uploads\/2026\/08\/Post_FB_eksponat_0826_r-1024x1024.webp\" class=\"attachment-large size-large wp-image-2065\" alt=\"\" srcset=\"https:\/\/historyczna.slaska.zhp.pl\/wp-content\/uploads\/2026\/08\/Post_FB_eksponat_0826_r-1024x1024.webp 1024w, https:\/\/historyczna.slaska.zhp.pl\/wp-content\/uploads\/2026\/08\/Post_FB_eksponat_0826_r-300x300.webp 300w, https:\/\/historyczna.slaska.zhp.pl\/wp-content\/uploads\/2026\/08\/Post_FB_eksponat_0826_r-150x150.webp 150w, https:\/\/historyczna.slaska.zhp.pl\/wp-content\/uploads\/2026\/08\/Post_FB_eksponat_0826_r-768x768.webp 768w, https:\/\/historyczna.slaska.zhp.pl\/wp-content\/uploads\/2026\/08\/Post_FB_eksponat_0826_r.webp 1201w\" sizes=\"(max-width: 800px) 100vw, 800px\" \/>\t\t\t\t\t\t\t\t\t\t\t\t\t\t\t<\/div>\n\t\t\t\t<\/div>\n\t\t\t\t<div class=\"elementor-element elementor-element-9ac551e elementor-widget elementor-widget-wp-widget-recent-posts\" data-id=\"9ac551e\" data-element_type=\"widget\" data-e-type=\"widget\" data-widget_type=\"wp-widget-recent-posts.default\">\n\t\t\t\t<div class=\"elementor-widget-container\">\n\t\t\t\t\t\n\t\t\n\t\t<h5>Ostatnie wpisy<\/h5><nav aria-label=\"Ostatnie wpisy\">\n\t\t<ul>\n\t\t\t\t\t\t\t\t\t\t\t<li>\n\t\t\t\t\t<a href=\"https:\/\/historyczna.slaska.zhp.pl\/?p=2064\">Ob\u00f3z Pokoju i Przyja\u017ani ZHP<\/a>\n\t\t\t\t\t\t\t\t\t<\/li>\n\t\t\t\t\t\t\t\t\t\t\t<li>\n\t\t\t\t\t<a href=\"https:\/\/historyczna.slaska.zhp.pl\/?p=2042\">Proporzec  82 SDS<\/a>\n\t\t\t\t\t\t\t\t\t<\/li>\n\t\t\t\t\t\t\t\t\t\t\t<li>\n\t\t\t\t\t<a href=\"https:\/\/historyczna.slaska.zhp.pl\/?p=2013\">Komplet MSR<\/a>\n\t\t\t\t\t\t\t\t\t<\/li>\n\t\t\t\t\t\t\t\t\t\t\t<li>\n\t\t\t\t\t<a href=\"https:\/\/historyczna.slaska.zhp.pl\/?p=1985\">\u201eHARCERSKA WATRA\u201d<\/a>\n\t\t\t\t\t\t\t\t\t<\/li>\n\t\t\t\t\t\t\t\t\t\t\t<li>\n\t\t\t\t\t<a href=\"https:\/\/historyczna.slaska.zhp.pl\/?p=1968\">Harcerskie lato jako szko\u0142a odpowiedzialno\u015bci<\/a>\n\t\t\t\t\t\t\t\t\t<\/li>\n\t\t\t\t\t<\/ul>\n\n\t\t<\/nav>\t\t\t\t<\/div>\n\t\t\t\t<\/div>\n\t\t\t\t<\/div>\n\t\t\t\t<\/div>\n\t\t\t\t\t<\/div>\n\t\t\t\t<\/div>\n\t\t\t\t<\/div>\n\t\t","protected":false},"excerpt":{"rendered":"<p>Czy wiesz, \u017ce mi\u0119dzynarodowe obozy maj\u0105 swoj\u0105 d\u0142ugoletni\u0105 tradycj\u0119? Dowodem tego jest pami\u0105tkowy Medal XXV MI\u0118DZYNARODOWY OB\u00d3Z POKOJU I PRZYJA\u0179NI ZHP 1976. Na awersie widzimy kul\u0119 ziemsk\u0105 z go\u0142\u0105bkiem pokoju oraz napisem, a na rewersie trzy g\u0142owy os\u00f3b r\u00f3\u017cnych kontynent\u00f3w. Nasz O\u015brodek Harcerski w Chorzowie by\u0142 r\u00f3wnie\u017c organizatorem takich oboz\u00f3w pod nazw\u0105 MALTA. &nbsp; Mi\u0119dzynarodowe [&hellip;]<\/p>\n","protected":false},"author":2,"featured_media":2065,"comment_status":"closed","ping_status":"open","sticky":false,"template":"","format":"standard","meta":{"postBodyCss":"","postBodyMargin":[],"postBodyPadding":[],"postBodyBackground":{"backgroundType":"classic","gradient":""},"footnotes":""},"categories":[5,18],"tags":[19],"class_list":["post-2064","post","type-post","status-publish","format-standard","has-post-thumbnail","hentry","category-aktualnosci","category-eksponat-miesiaca","tag-eksponat-miesiaca"],"_links":{"self":[{"href":"https:\/\/historyczna.slaska.zhp.pl\/index.php?rest_route=\/wp\/v2\/posts\/2064","targetHints":{"allow":["GET"]}}],"collection":[{"href":"https:\/\/historyczna.slaska.zhp.pl\/index.php?rest_route=\/wp\/v2\/posts"}],"about":[{"href":"https:\/\/historyczna.slaska.zhp.pl\/index.php?rest_route=\/wp\/v2\/types\/post"}],"author":[{"embeddable":true,"href":"https:\/\/historyczna.slaska.zhp.pl\/index.php?rest_route=\/wp\/v2\/users\/2"}],"replies":[{"embeddable":true,"href":"https:\/\/historyczna.slaska.zhp.pl\/index.php?rest_route=%2Fwp%2Fv2%2Fcomments&post=2064"}],"version-history":[{"count":8,"href":"https:\/\/historyczna.slaska.zhp.pl\/index.php?rest_route=\/wp\/v2\/posts\/2064\/revisions"}],"predecessor-version":[{"id":2074,"href":"https:\/\/historyczna.slaska.zhp.pl\/index.php?rest_route=\/wp\/v2\/posts\/2064\/revisions\/2074"}],"wp:featuredmedia":[{"embeddable":true,"href":"https:\/\/historyczna.slaska.zhp.pl\/index.php?rest_route=\/wp\/v2\/media\/2065"}],"wp:attachment":[{"href":"https:\/\/historyczna.slaska.zhp.pl\/index.php?rest_route=%2Fwp%2Fv2%2Fmedia&parent=2064"}],"wp:term":[{"taxonomy":"category","embeddable":true,"href":"https:\/\/historyczna.slaska.zhp.pl\/index.php?rest_route=%2Fwp%2Fv2%2Fcategories&post=2064"},{"taxonomy":"post_tag","embeddable":true,"href":"https:\/\/historyczna.slaska.zhp.pl\/index.php?rest_route=%2Fwp%2Fv2%2Ftags&post=2064"}],"curies":[{"name":"wp","href":"https:\/\/api.w.org\/{rel}","templated":true}]}}