{"id":510,"date":"2019-06-09T23:01:32","date_gmt":"2019-06-09T21:01:32","guid":{"rendered":"http:\/\/historyczna.slaska.zhp.pl\/?p=510"},"modified":"2019-06-09T23:08:05","modified_gmt":"2019-06-09T21:08:05","slug":"i-seminarium-historycznego-choragwi-slaskiej","status":"publish","type":"post","link":"https:\/\/historyczna.slaska.zhp.pl\/?p=510","title":{"rendered":"I Seminarium Historyczne Chor\u0105gwi \u015al\u0105skiej"},"content":{"rendered":"<p>Wczoraj, 11 maja odby\u0142o si\u0119 w O\u015brodku Harcerskim w Chorzowie seminarium historyczne, Druhna Komendantka Anna Peterko wr\u0119czy\u0142a sznury chor\u0105gwiane cz\u0142onkom prezydium Chor\u0105gwianej Komisji Historycznej. Nast\u0119pnie pod przewodnictwem Druha Janka Piechaczka odby\u0142y si\u0119 rzeczowe obrady seminarium.<\/p>\n<p><!--more--><\/p>\n<p><strong>Program I Seminarium Historycznego Chor\u0105gwi \u015al\u0105skiej<\/strong><\/p>\n<p>Termin: 11. 05. 2019r.<span class=\"text_exposed_show\"><br \/>\nMiejsce: O\u015brodek Harcerski w Chorzowie<\/span><\/p>\n<div class=\"text_exposed_show\">\n<p>Temat: Wsp\u00f3\u0142praca zainteresowanych histori\u0105 harcerstwa z Komisj\u0105 Historyczn\u0105 Chor\u0105gwi \u015al\u0105skiej<\/p>\n<p>Plan spotkania:<br \/>\n1. Otwarcie Seminarium i powitanie zebranych &#8211; hm. Jan Piechaczek<\/p>\n<p>2. Wyst\u0105pienie Komendantki Chor\u0105gwi \u015al\u0105skiej hm. Anny Peterko<br \/>\n3. Prezentacja cz\u0142onk\u00f3w Komisji Historycznej Chor\u0105gwi \u015al\u0105skiej &#8211; hm. Jan Piechaczek<br \/>\n4. Kierunki pracy Komisji Historycznej Chor\u0105gwi \u015al\u0105skiej &#8211; hm. Leszek Szulc<br \/>\n5. Praca historyka harcerskiego i jej etapy &#8211; hm. Leszek Szulc<\/p>\n<p>6. Technika i technologia pracy Komisji Historycznej &#8211; \u0107wik \u0141ukasz Stangrecki i pwd. Bartek Zb\u0105czyniak<br \/>\n7. Funkcjonowanie Chor\u0105gwianej Komisji Historycznej &#8211; hm. Jan Piechaczek<br \/>\n8. Prezentacje, rozmowy i dyskusja &#8211; Uczestnicy<br \/>\n9. Podsumowanie Seminarium przedstawienie propozycji zada\u0144 do realizacji &#8211; hm. Jan Piechaczek<br \/>\nFoto: Leszek Szulc<\/p>\n<p style=\"text-align: center;\"><a href=\"https:\/\/photos.google.com\/u\/4\/share\/AF1QipMYBqb-y4E6_g9uNFSaqZxWPFheqqd7Gy1RQZdp5PtD-dntqSq0qEagpEKbjObDww?key=YUhrdkN6NnZNaXBEaWtxbHZOYkJQbUZnU2ZVaC1R\" target=\"_blank\" rel=\"noopener noreferrer\"><img fetchpriority=\"high\" decoding=\"async\" class=\"alignnone size-full wp-image-511\" src=\"http:\/\/historyczna.slaska.zhp.pl\/wp-content\/uploads\/2019\/06\/komisjamaj2019rfr.jpg\" alt=\"\" width=\"600\" height=\"443\" srcset=\"https:\/\/historyczna.slaska.zhp.pl\/wp-content\/uploads\/2019\/06\/komisjamaj2019rfr.jpg 600w, https:\/\/historyczna.slaska.zhp.pl\/wp-content\/uploads\/2019\/06\/komisjamaj2019rfr-300x222.jpg 300w\" sizes=\"(max-width: 600px) 100vw, 600px\" \/><\/a><\/p>\n<\/div>\n","protected":false},"excerpt":{"rendered":"<p>Wczoraj, 11 maja odby\u0142o si\u0119 w O\u015brodku Harcerskim w Chorzowie seminarium historyczne, Druhna Komendantka Anna Peterko wr\u0119czy\u0142a sznury chor\u0105gwiane cz\u0142onkom prezydium Chor\u0105gwianej Komisji Historycznej. Nast\u0119pnie pod przewodnictwem Druha Janka Piechaczka odby\u0142y si\u0119 rzeczowe obrady seminarium.<\/p>\n","protected":false},"author":3,"featured_media":512,"comment_status":"closed","ping_status":"open","sticky":false,"template":"","format":"standard","meta":{"postBodyCss":"","postBodyMargin":[],"postBodyPadding":[],"postBodyBackground":{"backgroundType":"classic","gradient":""},"footnotes":""},"categories":[5],"tags":[],"class_list":["post-510","post","type-post","status-publish","format-standard","has-post-thumbnail","hentry","category-aktualnosci"],"_links":{"self":[{"href":"https:\/\/historyczna.slaska.zhp.pl\/index.php?rest_route=\/wp\/v2\/posts\/510","targetHints":{"allow":["GET"]}}],"collection":[{"href":"https:\/\/historyczna.slaska.zhp.pl\/index.php?rest_route=\/wp\/v2\/posts"}],"about":[{"href":"https:\/\/historyczna.slaska.zhp.pl\/index.php?rest_route=\/wp\/v2\/types\/post"}],"author":[{"embeddable":true,"href":"https:\/\/historyczna.slaska.zhp.pl\/index.php?rest_route=\/wp\/v2\/users\/3"}],"replies":[{"embeddable":true,"href":"https:\/\/historyczna.slaska.zhp.pl\/index.php?rest_route=%2Fwp%2Fv2%2Fcomments&post=510"}],"version-history":[{"count":6,"href":"https:\/\/historyczna.slaska.zhp.pl\/index.php?rest_route=\/wp\/v2\/posts\/510\/revisions"}],"predecessor-version":[{"id":519,"href":"https:\/\/historyczna.slaska.zhp.pl\/index.php?rest_route=\/wp\/v2\/posts\/510\/revisions\/519"}],"wp:featuredmedia":[{"embeddable":true,"href":"https:\/\/historyczna.slaska.zhp.pl\/index.php?rest_route=\/wp\/v2\/media\/512"}],"wp:attachment":[{"href":"https:\/\/historyczna.slaska.zhp.pl\/index.php?rest_route=%2Fwp%2Fv2%2Fmedia&parent=510"}],"wp:term":[{"taxonomy":"category","embeddable":true,"href":"https:\/\/historyczna.slaska.zhp.pl\/index.php?rest_route=%2Fwp%2Fv2%2Fcategories&post=510"},{"taxonomy":"post_tag","embeddable":true,"href":"https:\/\/historyczna.slaska.zhp.pl\/index.php?rest_route=%2Fwp%2Fv2%2Ftags&post=510"}],"curies":[{"name":"wp","href":"https:\/\/api.w.org\/{rel}","templated":true}]}}